{"id":7126,"date":"2025-06-20T16:01:54","date_gmt":"2025-06-20T20:01:54","guid":{"rendered":"https:\/\/www.lorganisme.com\/?p=7126"},"modified":"2026-01-20T16:02:30","modified_gmt":"2026-01-20T21:02:30","slug":"deux-nouvelles-presences-artistiques","status":"publish","type":"post","link":"https:\/\/www.lorganisme.com\/fr\/deux-nouvelles-presences-artistiques\/","title":{"rendered":"Deux nouvelles pr\u00e9sences artistiques"},"content":{"rendered":"<p data-end=\"186\" data-start=\"116\">C\u2019est avec une grande joie que nous accueillons\u00a0<a href=\"https:\/\/www.lorganisme.com\/fr\/artistes\/claudia-chan-tak\/\"><strong data-end=\"256\" data-start=\"236\">Claudia Chan Tak<\/strong>\u00a0<\/a>et\u00a0<a href=\"https:\/\/www.lorganisme.com\/fr\/artistes\/brice-noeser\/\"><strong data-end=\"276\" data-start=\"260\">Brice Noeser<\/strong><\/a>\u00a0\u00e0 titre de\u00a0<strong data-end=\"317\" data-start=\"288\">nouveaux membres artistes<\/strong>\u00a0de Lorganisme!<\/p>\n<p>Cr\u00e9ateurs aux parcours singuliers et aux univers riches, Claudia et Brice rejoignent notre\u00a0communaut\u00e9 de\u00a0chor\u00e9graphes, o\u00f9 ils contribueront \u00e0 enrichir les r\u00e9flexions, \u00e0 diversifier les processus de cr\u00e9ation et la vision du mouvement. Leur arriv\u00e9e marque une nouvelle \u00e9tape enthousiasmante dans l\u2019\u00e9volution de notre structure.<\/p>\n<p data-end=\"186\" data-start=\"116\">Nous leur souhaitons la bienvenue dans cette aventure collective! Nous avons tr\u00e8s h\u00e2te de partager avec vous les fruits de ces nouvelles collaborations.<\/p>\n","protected":false},"excerpt":{"rendered":"<p>C\u2019est avec une grande joie que nous accueillons\u00a0Claudia Chan Tak\u00a0et\u00a0Brice Noeser\u00a0\u00e0 titre de\u00a0nouveaux membres artistes\u00a0de Lorganisme! Cr\u00e9ateurs aux parcours singuliers et aux univers riches, Claudia et Brice rejoignent notre\u00a0communaut\u00e9 de\u00a0chor\u00e9graphes, o\u00f9 ils contribueront \u00e0 enrichir les r\u00e9flexions, \u00e0 diversifier les processus de cr\u00e9ation et la vision du mouvement. Leur arriv\u00e9e marque une nouvelle \u00e9tape enthousiasmante [&hellip;]<\/p>\n","protected":false},"author":3,"featured_media":0,"comment_status":"closed","ping_status":"closed","sticky":false,"template":"","format":"standard","meta":{"_acf_changed":false,"footnotes":""},"categories":[2],"tags":[],"class_list":["post-7126","post","type-post","status-publish","format-standard","hentry","category-non-classifiee"],"acf":[],"_links":{"self":[{"href":"https:\/\/www.lorganisme.com\/fr\/wp-json\/wp\/v2\/posts\/7126","targetHints":{"allow":["GET"]}}],"collection":[{"href":"https:\/\/www.lorganisme.com\/fr\/wp-json\/wp\/v2\/posts"}],"about":[{"href":"https:\/\/www.lorganisme.com\/fr\/wp-json\/wp\/v2\/types\/post"}],"author":[{"embeddable":true,"href":"https:\/\/www.lorganisme.com\/fr\/wp-json\/wp\/v2\/users\/3"}],"replies":[{"embeddable":true,"href":"https:\/\/www.lorganisme.com\/fr\/wp-json\/wp\/v2\/comments?post=7126"}],"version-history":[{"count":2,"href":"https:\/\/www.lorganisme.com\/fr\/wp-json\/wp\/v2\/posts\/7126\/revisions"}],"predecessor-version":[{"id":7130,"href":"https:\/\/www.lorganisme.com\/fr\/wp-json\/wp\/v2\/posts\/7126\/revisions\/7130"}],"wp:attachment":[{"href":"https:\/\/www.lorganisme.com\/fr\/wp-json\/wp\/v2\/media?parent=7126"}],"wp:term":[{"taxonomy":"category","embeddable":true,"href":"https:\/\/www.lorganisme.com\/fr\/wp-json\/wp\/v2\/categories?post=7126"},{"taxonomy":"post_tag","embeddable":true,"href":"https:\/\/www.lorganisme.com\/fr\/wp-json\/wp\/v2\/tags?post=7126"}],"curies":[{"name":"wp","href":"https:\/\/api.w.org\/{rel}","templated":true}]}}