{"id":5018,"date":"2022-05-02T15:23:25","date_gmt":"2022-05-02T19:23:25","guid":{"rendered":"https:\/\/www.lorganisme.com\/?p=5018"},"modified":"2022-05-02T15:26:56","modified_gmt":"2022-05-02T19:26:56","slug":"deplacements-sonores-bonus","status":"publish","type":"post","link":"https:\/\/www.lorganisme.com\/fr\/deplacements-sonores-bonus\/","title":{"rendered":"D\u00e9placements sonores &#8211; bonus"},"content":{"rendered":"<p>Entam\u00e9 en 2018 et portant sur les traces laiss\u00e9es par la danse, Marie B\u00e9land et <a href=\"https:\/\/www.lorganisme.com\/fr\/creations\/anne-theriault\/\">Anne Th\u00e9riault<\/a> investissent un cycle de performances intitul\u00e9 <em>De et avec&#8230;,<\/em> qui expose la m\u00e9moire de la danse, et comment celle-ci s&rsquo;inscrit autant dans la grande m\u00e9moire collective (notre Histoire) que dans la m\u00e9moire personnelle de chacun\u00b7e (nos souvenirs). Elles font revivre les archives de lieux ou de projets signifiants en redonnant vie aux fant\u00f4mes qui les ont habit\u00e9s, qui sont tous\u00b7tes ces humain\u00b7es derri\u00e8re les \u0153uvres d&rsquo;art vivant, souvent oubli\u00e9es aussit\u00f4t que pr\u00e9sent\u00e9es. <em>De et avec&#8230;<\/em> cherche \u00e0 cr\u00e9er du nouveau avec du vieux, en prenant comme mat\u00e9riaux toutes les tranches de m\u00e9moire qui forment \u00e0 la fois l&rsquo;identit\u00e9 d&rsquo;une discipline, et l&rsquo;identit\u00e9 de celles et ceux qui la pratiquent.<\/p>\n<p>Bonus du balado <a href=\"https:\/\/www.lorganisme.com\/fr\/creations\/deplacements-sonores\/\">D\u00e9placements sonores &#8211; saison 1 : danse et \u00e9ph\u00e9m\u00e9rit\u00e9<\/a><br \/>\nEn coproduction avec <a href=\"http:\/\/maribe.ca\/\">Marib\u00e9 &#8211; Sors de ce corps<\/a><\/p>\n<p>Ce projet a \u00e9t\u00e9 rendu possible gr\u00e2ce au Conseil des arts et des lettres du Qu\u00e9bec, au Jardin Botanique de Montr\u00e9al, \u00e0 Espace pour la vie, au PHI Centre et \u00e0 l\u2019Usine C.<\/p>\n","protected":false},"excerpt":{"rendered":"<p>Entam\u00e9 en 2018 et portant sur les traces laiss\u00e9es par la danse, Marie B\u00e9land et Anne Th\u00e9riault investissent un cycle de performances intitul\u00e9 De et avec&#8230;, qui expose la m\u00e9moire de la danse, et comment celle-ci s&rsquo;inscrit autant dans la grande m\u00e9moire collective (notre Histoire) que dans la m\u00e9moire personnelle de chacun\u00b7e (nos souvenirs). Elles [&hellip;]<\/p>\n","protected":false},"author":3,"featured_media":0,"comment_status":"closed","ping_status":"closed","sticky":false,"template":"","format":"standard","meta":{"_acf_changed":false,"footnotes":""},"categories":[2],"tags":[54,55],"class_list":["post-5018","post","type-post","status-publish","format-standard","hentry","category-non-classifiee","tag-anne-theriault","tag-baladodiffusion"],"acf":[],"_links":{"self":[{"href":"https:\/\/www.lorganisme.com\/fr\/wp-json\/wp\/v2\/posts\/5018","targetHints":{"allow":["GET"]}}],"collection":[{"href":"https:\/\/www.lorganisme.com\/fr\/wp-json\/wp\/v2\/posts"}],"about":[{"href":"https:\/\/www.lorganisme.com\/fr\/wp-json\/wp\/v2\/types\/post"}],"author":[{"embeddable":true,"href":"https:\/\/www.lorganisme.com\/fr\/wp-json\/wp\/v2\/users\/3"}],"replies":[{"embeddable":true,"href":"https:\/\/www.lorganisme.com\/fr\/wp-json\/wp\/v2\/comments?post=5018"}],"version-history":[{"count":3,"href":"https:\/\/www.lorganisme.com\/fr\/wp-json\/wp\/v2\/posts\/5018\/revisions"}],"predecessor-version":[{"id":5024,"href":"https:\/\/www.lorganisme.com\/fr\/wp-json\/wp\/v2\/posts\/5018\/revisions\/5024"}],"wp:attachment":[{"href":"https:\/\/www.lorganisme.com\/fr\/wp-json\/wp\/v2\/media?parent=5018"}],"wp:term":[{"taxonomy":"category","embeddable":true,"href":"https:\/\/www.lorganisme.com\/fr\/wp-json\/wp\/v2\/categories?post=5018"},{"taxonomy":"post_tag","embeddable":true,"href":"https:\/\/www.lorganisme.com\/fr\/wp-json\/wp\/v2\/tags?post=5018"}],"curies":[{"name":"wp","href":"https:\/\/api.w.org\/{rel}","templated":true}]}}